{"id":1911,"date":"2025-06-18T07:21:47","date_gmt":"2025-06-18T07:21:47","guid":{"rendered":"https:\/\/www.wordflyup.com\/?p=1911"},"modified":"2026-05-15T18:23:21","modified_gmt":"2026-05-15T16:23:21","slug":"larte-e-la-pentecoste-come-liconografia-ha-raffigurato-lo-spirito-santo-nei-secoli","status":"publish","type":"post","link":"https:\/\/www.wordflyup.com\/fr\/larte-e-la-pentecoste-come-liconografia-ha-raffigurato-lo-spirito-santo-nei-secoli\/","title":{"rendered":"Art et Pentec\u00f4te : Comment l'iconographie a repr\u00e9sent\u00e9 le Saint-Esprit au cours des si\u00e8cles"},"content":{"rendered":"<div data-elementor-type=\"wp-post\" data-elementor-id=\"1911\" class=\"elementor elementor-1911\">\n\t\t\t\t<div class=\"elementor-element elementor-element-zli7mnw e-flex e-con-boxed wpr-particle-no wpr-jarallax-no wpr-parallax-no wpr-sticky-section-no wpr-column-slider-no wpr-equal-height-no e-con e-parent\" data-id=\"zli7mnw\" data-element_type=\"container\" data-e-type=\"container\">\n\t\t\t\t\t<div class=\"e-con-inner\">\n\t\t<div class=\"elementor-element elementor-element-c608570 e-flex e-con-boxed wpr-particle-no wpr-jarallax-no wpr-parallax-no wpr-sticky-section-no wpr-column-slider-no wpr-equal-height-no e-con e-child\" data-id=\"c608570\" data-element_type=\"container\" data-e-type=\"container\">\n\t\t\t\t\t<div class=\"e-con-inner\">\n\t\t\t\t<div class=\"elementor-element elementor-element-d8c6c01 elementor-widget__width-initial elementor-widget-mobile__width-inherit elementor-widget elementor-widget-text-editor\" data-id=\"d8c6c01\" data-element_type=\"widget\" data-e-type=\"widget\" data-widget_type=\"text-editor.default\">\n\t\t\t\t<div class=\"elementor-widget-container\">\n\t\t\t\t\t\t\t\t\t<p>La <strong>Pentec\u00f4te<\/strong>telle qu'elle est racont\u00e9e dans les Actes des Ap\u00f4tres (Actes 2, 1-13), est l'un des moments les plus intenses du r\u00e9cit chr\u00e9tien : le Saint-Esprit descend en tant qu'homme de Dieu. <strong>vent imp\u00e9tueux<\/strong> e <strong>langues de feu<\/strong>transformant un groupe de disciples effray\u00e9s en la premi\u00e8re communaut\u00e9 de foi ardente.<\/p>\t\t\t\t\t\t\t\t<\/div>\n\t\t\t\t<\/div>\n\t\t\t\t<div class=\"elementor-element elementor-element-ec1f6e7 elementor-widget__width-initial elementor-widget-mobile__width-inherit elementor-widget elementor-widget-text-editor\" data-id=\"ec1f6e7\" data-element_type=\"widget\" data-e-type=\"widget\" data-widget_type=\"text-editor.default\">\n\t\t\t\t<div class=\"elementor-widget-container\">\n\t\t\t\t\t\t\t\t\t<p>Ce feu int\u00e9rieur a inspir\u00e9 les artistes, les th\u00e9ologiens et les mystiques pendant des si\u00e8cles. L'art sacr\u00e9 a cherch\u00e9 \u00e0 rendre visible l'invisible : <strong>comment repr\u00e9senter l'Esprit ? <\/strong><br \/><strong>Comment peindre le vent ? Comment montrer un feu qui ne br\u00fble pas mais qui transforme ?<\/strong><\/p>\t\t\t\t\t\t\t\t<\/div>\n\t\t\t\t<\/div>\n\t\t\t\t\t<\/div>\n\t\t\t\t<\/div>\n\t\t\t\t\t<\/div>\n\t\t\t\t<\/div>\n\t\t<div class=\"elementor-element elementor-element-2e59eb1 e-flex e-con-boxed wpr-particle-no wpr-jarallax-no wpr-parallax-no wpr-sticky-section-no wpr-column-slider-no wpr-equal-height-no e-con e-parent\" data-id=\"2e59eb1\" data-element_type=\"container\" data-e-type=\"container\">\n\t\t\t\t\t<div class=\"e-con-inner\">\n\t\t\t\t<div class=\"elementor-element elementor-element-f6627f3 elementor-widget elementor-widget-heading\" data-id=\"f6627f3\" data-element_type=\"widget\" data-e-type=\"widget\" data-widget_type=\"heading.default\">\n\t\t\t\t<div class=\"elementor-widget-container\">\n\t\t\t\t\t<h3 class=\"elementor-heading-title elementor-size-default\">Une sc\u00e8ne puissante : la descente du feu divin<\/h3>\t\t\t\t<\/div>\n\t\t\t\t<\/div>\n\t\t\t\t<div class=\"elementor-element elementor-element-c8cab44 elementor-widget-mobile__width-inherit elementor-widget elementor-widget-text-editor\" data-id=\"c8cab44\" data-element_type=\"widget\" data-e-type=\"widget\" data-widget_type=\"text-editor.default\">\n\t\t\t\t<div class=\"elementor-widget-container\">\n\t\t\t\t\t\t\t\t\t<p>Depuis les premiers si\u00e8cles, la Pentec\u00f4te est repr\u00e9sent\u00e9e comme un \u00e9v\u00e9nement communautaire : Marie et les ap\u00f4tres sont r\u00e9unis, des flammes sur la t\u00eate et le regard tourn\u00e9 vers le ciel. Ce sch\u00e9ma iconographique s'est maintenu au fil du temps, mais chaque artiste l'a r\u00e9interpr\u00e9t\u00e9 en y m\u00ealant des \u00e9l\u00e9ments de l'histoire de l'art. <strong>la th\u00e9ologie, <\/strong><strong>la sensibilit\u00e9 personnelle et l'esprit de son temps<\/strong>.<\/p>\t\t\t\t\t\t\t\t<\/div>\n\t\t\t\t<\/div>\n\t\t\t\t<div class=\"elementor-element elementor-element-abab232 elementor-widget elementor-widget-heading\" data-id=\"abab232\" data-element_type=\"widget\" data-e-type=\"widget\" data-widget_type=\"heading.default\">\n\t\t\t\t<div class=\"elementor-widget-container\">\n\t\t\t\t\t<h3 class=\"elementor-heading-title elementor-size-default\">Art m\u00e9di\u00e9val : l'ordre divin<\/h3>\t\t\t\t<\/div>\n\t\t\t\t<\/div>\n\t\t\t\t<div class=\"elementor-element elementor-element-2ce87dc elementor-widget-mobile__width-inherit elementor-widget elementor-widget-text-editor\" data-id=\"2ce87dc\" data-element_type=\"widget\" data-e-type=\"widget\" data-widget_type=\"text-editor.default\">\n\t\t\t\t<div class=\"elementor-widget-container\">\n\t\t\t\t\t\t\t\t\t<p>Dans l'art <strong>Byzantine<\/strong> e <strong>Roman<\/strong>domine la <strong>sym\u00e9trie sacr\u00e9e<\/strong>. Marie est souvent au centre, m\u00e8re de l'\u00c9glise naissante. Les flammes sont petites, dor\u00e9es, symboliques. Les personnages sont immobiles, r\u00e9unis en pri\u00e8re. Ici, l'Esprit ne se manifeste pas de mani\u00e8re dramatique, mais dans l'atmosph\u00e8re de la pri\u00e8re. <strong>de sang-froid et de myst\u00e8re.<\/strong><\/p>\t\t\t\t\t\t\t\t<\/div>\n\t\t\t\t<\/div>\n\t\t\t\t<div class=\"elementor-element elementor-element-f2ad3e1 elementor-widget elementor-widget-heading\" data-id=\"f2ad3e1\" data-element_type=\"widget\" data-e-type=\"widget\" data-widget_type=\"heading.default\">\n\t\t\t\t<div class=\"elementor-widget-container\">\n\t\t\t\t\t<h3 class=\"elementor-heading-title elementor-size-default\">Renaissance : lumi\u00e8re, \u00e9motion, participation.<\/h3>\t\t\t\t<\/div>\n\t\t\t\t<\/div>\n\t\t\t\t<div class=\"elementor-element elementor-element-d262975 elementor-widget-mobile__width-inherit elementor-widget elementor-widget-text-editor\" data-id=\"d262975\" data-element_type=\"widget\" data-e-type=\"widget\" data-widget_type=\"text-editor.default\">\n\t\t\t\t<div class=\"elementor-widget-container\">\n\t\t\t\t\t\t\t\t\t<p>Avec la Renaissance, la sc\u00e8ne s'anime. Des peintres tels que <strong>Giotto<\/strong>, <strong>Duccio di Buoninsegna<\/strong> e <strong>Le Greco<\/strong> chercher \u00e0 faire de la Pentec\u00f4te <strong>viva<\/strong>, <strong>presque th\u00e9\u00e2trale<\/strong>. Les disciples se d\u00e9placent, s'\u00e9tonnent, se cherchent. Les flammes deviennent visibles, la lumi\u00e8re entre, l'humanit\u00e9 <strong>participer<\/strong>.<\/p><ul><li><strong><em>Giotto<\/em><\/strong>dans la chapelle Scrovegni montre des visages \u00e9tonn\u00e9s, des mains lev\u00e9es, une effusion visible de l'Esprit.<\/li><li><strong><em>Le Greco<\/em><\/strong>accentue le mysticisme : des flammes hautes, des couleurs vibrantes, un \u00e9lan vertical qui <strong>ouvre le ciel<\/strong>.<\/li><\/ul>\t\t\t\t\t\t\t\t<\/div>\n\t\t\t\t<\/div>\n\t\t\t\t<div class=\"elementor-element elementor-element-47a23b8 elementor-widget elementor-widget-heading\" data-id=\"47a23b8\" data-element_type=\"widget\" data-e-type=\"widget\" data-widget_type=\"heading.default\">\n\t\t\t\t<div class=\"elementor-widget-container\">\n\t\t\t\t\t<h3 class=\"elementor-heading-title elementor-size-default\">Baroque : drame et engagement<\/h3>\t\t\t\t<\/div>\n\t\t\t\t<\/div>\n\t\t\t\t<div class=\"elementor-element elementor-element-68c43b1 elementor-widget-mobile__width-inherit elementor-widget elementor-widget-text-editor\" data-id=\"68c43b1\" data-element_type=\"widget\" data-e-type=\"widget\" data-widget_type=\"text-editor.default\">\n\t\t\t\t<div class=\"elementor-widget-container\">\n\t\t\t\t\t\t\t\t\t<p>Au XVIIe si\u00e8cle, l'art baroque a transform\u00e9 la Pentec\u00f4te en une f\u00eate. <strong>\u00e9v\u00e9nement sc\u00e9nique<\/strong><strong>.<\/strong> <strong>Lumi\u00e8re, mouvement et pathos<\/strong> dominent la foi.<\/p><p><strong><em>Jean II Restout<\/em><\/strong>Dans sa Pentec\u00f4te (1732), il d\u00e9peint une foule anim\u00e9e et secou\u00e9e, travers\u00e9e par la colombe de l'Esprit. Marie est au centre, c\u0153ur silencieux dans le tourbillon.<\/p>\t\t\t\t\t\t\t\t<\/div>\n\t\t\t\t<\/div>\n\t\t\t\t<div class=\"elementor-element elementor-element-3bf165e elementor-widget elementor-widget-heading\" data-id=\"3bf165e\" data-element_type=\"widget\" data-e-type=\"widget\" data-widget_type=\"heading.default\">\n\t\t\t\t<div class=\"elementor-widget-container\">\n\t\t\t\t\t<h3 class=\"elementor-heading-title elementor-size-default\">Contemporan\u00e9it\u00e9 : symbole et int\u00e9riorit\u00e9<\/h3>\t\t\t\t<\/div>\n\t\t\t\t<\/div>\n\t\t\t\t<div class=\"elementor-element elementor-element-7e86607 elementor-widget-mobile__width-inherit elementor-widget elementor-widget-text-editor\" data-id=\"7e86607\" data-element_type=\"widget\" data-e-type=\"widget\" data-widget_type=\"text-editor.default\">\n\t\t\t\t<div class=\"elementor-widget-container\">\n\t\t\t\t\t\t\t\t\t<p>En <strong>Le 20e si\u00e8cle et au-del\u00e0<\/strong>La Pentec\u00f4te devient un symbole abstrait. La <strong>flammes<\/strong> <strong>sont des lignes<\/strong>les visages se dissolvent. L'artiste ne d\u00e9peint pas l'\u00e9v\u00e9nement, mais les <strong>mouvement int\u00e9rieur<\/strong>.<\/p><ul><li><strong><em>Arcabas<\/em><\/strong> \u00e9voque l'Esprit avec des couleurs pures et des compositions essentielles telles que <strong>explosion<\/strong> <strong>le silence du divin<\/strong>.<\/li><li><strong><em>Marko Rupnik<\/em><\/strong>avec ses mosa\u00efques, montre une <strong>l'\u00e9treinte entre le ciel et la terre<\/strong>Le feu qui fait l'homme : le feu qui fait l'homme <strong>ic\u00f4ne vivante<\/strong>.<\/li><\/ul><p><strong>L'Esprit dans l'art : pr\u00e9sence discr\u00e8te, force transformatrice<\/strong><\/p><p>Dans toutes ces \u0153uvres, le <strong>L'Esprit Saint<\/strong> est rarement le protagoniste absolu : il est <strong>colombe, flamme, lumi\u00e8re<\/strong>pr\u00e9sence discr\u00e8te mais essentielle. Elle n'occupe pas la sc\u00e8ne, <strong>le transfigure<\/strong>. Elle ne s'impose pas, elle agit. Dans l'art comme dans la vie, <strong>ne remplit pas la toile, mais lui donne de la profondeur<\/strong>.<\/p>\t\t\t\t\t\t\t\t<\/div>\n\t\t\t\t<\/div>\n\t\t\t\t\t<\/div>\n\t\t\t\t<\/div>\n\t\t<div class=\"elementor-element elementor-element-e825dd8 e-con-full e-flex wpr-particle-no wpr-jarallax-no wpr-parallax-no wpr-sticky-section-no wpr-column-slider-no wpr-equal-height-no e-con e-parent\" data-id=\"e825dd8\" data-element_type=\"container\" data-e-type=\"container\">\n\t\t\t\t<div class=\"elementor-element elementor-element-565b18c elementor-widget elementor-widget-video\" data-id=\"565b18c\" data-element_type=\"widget\" data-e-type=\"widget\" data-settings=\"{&quot;youtube_url&quot;:&quot;https:\\\/\\\/www.youtube.com\\\/watch?v=6PCrIMxQGtA&quot;,&quot;video_type&quot;:&quot;youtube&quot;,&quot;controls&quot;:&quot;yes&quot;}\" data-widget_type=\"video.default\">\n\t\t\t\t<div class=\"elementor-widget-container\">\n\t\t\t\t\t\t\t<div class=\"elementor-wrapper elementor-open-inline\">\n\t\t\t<div class=\"elementor-video\"><\/div>\t\t<\/div>\n\t\t\t\t\t\t<\/div>\n\t\t\t\t<\/div>\n\t\t\t\t<\/div>\n\t\t\t\t<\/div>","protected":false},"excerpt":{"rendered":"<p>Du symbolisme byzantin \u00e0 l'art abstrait contemporain : comment les artistes ont repr\u00e9sent\u00e9 la Pentec\u00f4te et le Saint-Esprit dans l'art sacr\u00e9.<\/p>","protected":false},"author":1,"featured_media":1913,"comment_status":"closed","ping_status":"closed","sticky":false,"template":"","format":"standard","meta":{"_uag_custom_page_level_css":"","site-sidebar-layout":"default","site-content-layout":"","ast-site-content-layout":"default","site-content-style":"default","site-sidebar-style":"default","ast-global-header-display":"","ast-banner-title-visibility":"","ast-main-header-display":"","ast-hfb-above-header-display":"","ast-hfb-below-header-display":"","ast-hfb-mobile-header-display":"","site-post-title":"","ast-breadcrumbs-content":"","ast-featured-img":"","footer-sml-layout":"","ast-disable-related-posts":"","theme-transparent-header-meta":"","adv-header-id-meta":"","stick-header-meta":"","header-above-stick-meta":"","header-main-stick-meta":"","header-below-stick-meta":"","astra-migrate-meta-layouts":"set","ast-page-background-enabled":"default","ast-page-background-meta":{"desktop":{"background-color":"","background-image":"","background-repeat":"repeat","background-position":"center center","background-size":"auto","background-attachment":"scroll","background-type":"","background-media":"","overlay-type":"","overlay-color":"","overlay-opacity":"","overlay-gradient":""},"tablet":{"background-color":"","background-image":"","background-repeat":"repeat","background-position":"center center","background-size":"auto","background-attachment":"scroll","background-type":"","background-media":"","overlay-type":"","overlay-color":"","overlay-opacity":"","overlay-gradient":""},"mobile":{"background-color":"","background-image":"","background-repeat":"repeat","background-position":"center center","background-size":"auto","background-attachment":"scroll","background-type":"","background-media":"","overlay-type":"","overlay-color":"","overlay-opacity":"","overlay-gradient":""}},"ast-content-background-meta":{"desktop":{"background-color":"var(--ast-global-color-5)","background-image":"","background-repeat":"repeat","background-position":"center center","background-size":"auto","background-attachment":"scroll","background-type":"","background-media":"","overlay-type":"","overlay-color":"","overlay-opacity":"","overlay-gradient":""},"tablet":{"background-color":"var(--ast-global-color-5)","background-image":"","background-repeat":"repeat","background-position":"center center","background-size":"auto","background-attachment":"scroll","background-type":"","background-media":"","overlay-type":"","overlay-color":"","overlay-opacity":"","overlay-gradient":""},"mobile":{"background-color":"var(--ast-global-color-5)","background-image":"","background-repeat":"repeat","background-position":"center center","background-size":"auto","background-attachment":"scroll","background-type":"","background-media":"","overlay-type":"","overlay-color":"","overlay-opacity":"","overlay-gradient":""}},"footnotes":""},"categories":[7],"tags":[],"class_list":["post-1911","post","type-post","status-publish","format-standard","has-post-thumbnail","hentry","category-arte"],"uagb_featured_image_src":{"full":["https:\/\/www.wordflyup.com\/wp-content\/uploads\/2025\/06\/Immagine-Pentecoste.jpg",1920,1277,false],"thumbnail":["https:\/\/www.wordflyup.com\/wp-content\/uploads\/2025\/06\/Immagine-Pentecoste-150x150.jpg",150,150,true],"medium":["https:\/\/www.wordflyup.com\/wp-content\/uploads\/2025\/06\/Immagine-Pentecoste-300x200.jpg",300,200,true],"medium_large":["https:\/\/www.wordflyup.com\/wp-content\/uploads\/2025\/06\/Immagine-Pentecoste-768x511.jpg",768,511,true],"large":["https:\/\/www.wordflyup.com\/wp-content\/uploads\/2025\/06\/Immagine-Pentecoste-1024x681.jpg",1024,681,true],"1536x1536":["https:\/\/www.wordflyup.com\/wp-content\/uploads\/2025\/06\/Immagine-Pentecoste-1536x1022.jpg",1536,1022,true],"2048x2048":["https:\/\/www.wordflyup.com\/wp-content\/uploads\/2025\/06\/Immagine-Pentecoste.jpg",1920,1277,false],"trp-custom-language-flag":["https:\/\/www.wordflyup.com\/wp-content\/uploads\/2025\/06\/Immagine-Pentecoste-18x12.jpg",18,12,true]},"uagb_author_info":{"display_name":"admin","author_link":"https:\/\/www.wordflyup.com\/fr\/author\/admin\/"},"uagb_comment_info":0,"uagb_excerpt":"Dalla simbologia bizantina all\u2019arte astratta contemporanea: come gli artisti hanno rappresentato la Pentecoste e lo Spirito Santo nell\u2019arte sacra.","acf":[],"_links":{"self":[{"href":"https:\/\/www.wordflyup.com\/fr\/wp-json\/wp\/v2\/posts\/1911","targetHints":{"allow":["GET"]}}],"collection":[{"href":"https:\/\/www.wordflyup.com\/fr\/wp-json\/wp\/v2\/posts"}],"about":[{"href":"https:\/\/www.wordflyup.com\/fr\/wp-json\/wp\/v2\/types\/post"}],"author":[{"embeddable":true,"href":"https:\/\/www.wordflyup.com\/fr\/wp-json\/wp\/v2\/users\/1"}],"replies":[{"embeddable":true,"href":"https:\/\/www.wordflyup.com\/fr\/wp-json\/wp\/v2\/comments?post=1911"}],"version-history":[{"count":19,"href":"https:\/\/www.wordflyup.com\/fr\/wp-json\/wp\/v2\/posts\/1911\/revisions"}],"predecessor-version":[{"id":2401,"href":"https:\/\/www.wordflyup.com\/fr\/wp-json\/wp\/v2\/posts\/1911\/revisions\/2401"}],"wp:featuredmedia":[{"embeddable":true,"href":"https:\/\/www.wordflyup.com\/fr\/wp-json\/wp\/v2\/media\/1913"}],"wp:attachment":[{"href":"https:\/\/www.wordflyup.com\/fr\/wp-json\/wp\/v2\/media?parent=1911"}],"wp:term":[{"taxonomy":"category","embeddable":true,"href":"https:\/\/www.wordflyup.com\/fr\/wp-json\/wp\/v2\/categories?post=1911"},{"taxonomy":"post_tag","embeddable":true,"href":"https:\/\/www.wordflyup.com\/fr\/wp-json\/wp\/v2\/tags?post=1911"}],"curies":[{"name":"wp","href":"https:\/\/api.w.org\/{rel}","templated":true}]}}